{"id":1976,"date":"2026-02-03T08:14:55","date_gmt":"2026-02-03T08:14:55","guid":{"rendered":"https:\/\/indisciplines.art\/?p=1976"},"modified":"2026-02-03T08:14:55","modified_gmt":"2026-02-03T08:14:55","slug":"tapis-descalier-sur-mesure-a-nesles-la-vallee","status":"publish","type":"post","link":"https:\/\/indisciplines.art\/en\/tapis-descalier-sur-mesure-a-nesles-la-vallee\/","title":{"rendered":"Tapis d\u2019escalier sur mesure \u00e0 Nesles La Vall\u00e9e"},"content":{"rendered":"<p>L\u2019escalier constitue bien souvent la colonne vert\u00e9brale d\u2019une demeure. Pourtant, les propri\u00e9taires n\u00e9gligent souvent son potentiel d\u00e9coratif. Chez Indisciplines, nous transformons cet \u00e9l\u00e9ment fonctionnel en une v\u00e9ritable \u0153uvre d&rsquo;art sous vos pieds. Le tapis d\u2019escalier, loin d\u2019\u00eatre un simple accessoire du pass\u00e9, revient en force dans les int\u00e9rieurs contemporains les plus raffin\u00e9s. Il allie avec brio une esth\u00e9tique luxueuse \u00e0 des propri\u00e9t\u00e9s techniques indispensables. Que vous habitiez une maison de ma\u00eetre ou un loft moderne, d\u00e9couvrez comment ce rev\u00eatement m\u00e9tamorphose votre quotidien.<\/p>\n<h2>Pourquoi installer un tapis d\u2019escalier chez vous ?<\/h2>\n<p><a href=\"https:\/\/indisciplines.art\/en\/tapis-personnalise-elevez-votre-interieur-au-rang-doeuvre-dart\/\">Choisir un tapis<\/a> pour habiller ses marches n\u2019est pas uniquement une d\u00e9cision esth\u00e9tique. C\u2019est un investissement pour votre confort et la p\u00e9rennit\u00e9 de votre patrimoine.<\/p>\n<h3><strong>Un confort acoustique et thermique in\u00e9gal\u00e9<\/strong><\/h3>\n<p>Rien ne brise plus la s\u00e9r\u00e9nit\u00e9 d&rsquo;un foyer que le bruit sourd des pas sur des marches en bois ou en pierre. Le tapis d&rsquo;escalier absorbe les vibrations et les bruits d&rsquo;impact. Vous retrouvez ainsi le calme absolu dans vos zones de circulation. De plus, la mati\u00e8re textile agit comme un isolant thermique naturel. Elle supprime la sensation de froid sous les pieds et conserve la chaleur entre les \u00e9tages.<\/p>\n<h3><strong>La s\u00e9curit\u00e9 avant tout : limitez les risques de glissade<\/strong><\/h3>\n<p>Les chutes en escalier repr\u00e9sentent une cause majeure d&rsquo;accidents domestiques. Un bois verni ou une pierre lisse deviennent extr\u00eamement glissants avec des chaussettes. En installant un passage d\u2019escalier, vous cr\u00e9ez une surface antid\u00e9rapante s\u00e9curisante. La texture du tapis offre une accroche parfaite pour chaque foul\u00e9e. Chez <a href=\"https:\/\/indisciplines.art\/en\/\">Indisciplines<\/a>, nous recommandons particuli\u00e8rement cette solution pour les foyers accueillant des enfants ou des seniors.<\/p>\n<h2>Personnalisation totale : le savoir-faire unique d&rsquo;Indisciplines<\/h2>\n<p>L\u00e0 o\u00f9 les commerces classiques proposent des rouleaux standards, Indisciplines cultive l&rsquo;exception. Nous ne nous contentons pas de poser un rev\u00eatement : <a href=\"https:\/\/indisciplines.art\/en\/la-moquette-sur-mesure-lart-de-sublimer-vos-espaces\/\">nous cr\u00e9ons un sol qui vous ressemble<\/a>.<\/p>\n<h3><strong>Des motifs exclusifs pour sublimer votre architecture<\/strong><\/h3>\n<p>Vous r\u00eavez d\u2019un motif g\u00e9om\u00e9trique audacieux ou d\u2019une sobri\u00e9t\u00e9 absolue ? Notre studio de cr\u00e9ation imagine des designs qui soulignent les lignes de votre escalier. Nous jouons avec les bordures, les couleurs et les graphismes pour cr\u00e9er une continuit\u00e9 visuelle entre vos \u00e9tages. Votre escalier devient ainsi le point focal de votre d\u00e9coration int\u00e9rieure.<\/p>\n<h3><strong>Des mat\u00e9riaux haut de gamme adapt\u00e9s \u00e0 un passage intensif<\/strong><\/h3>\n<p>Un tapis d&rsquo;escalier subit des contraintes m\u00e9caniques fortes. Nos experts s\u00e9lectionnent des fibres de haute qualit\u00e9, comme la laine vierge ou des m\u00e9langes techniques haute r\u00e9sistance. Nous garantissons ainsi que votre tapis conserve son gonflant et l&rsquo;\u00e9clat de ses couleurs, m\u00eame apr\u00e8s des milliers de passages.<\/p>\n<p><strong>Transformez votre mont\u00e9e d&rsquo;escalier en pi\u00e8ce ma\u00eetresse : <a href=\"https:\/\/indisciplines.art\/en\/contact\/\">Demandez votre \u00e9tude personnalis\u00e9e \u00e0 nos experts Indisciplines<\/a><\/strong><\/p>\n<h2>5 crit\u00e8res essentiels pour choisir votre tapis d\u2019escalier id\u00e9al<\/h2>\n<p>Pour r\u00e9ussir votre projet, vous devez prendre en compte plusieurs param\u00e8tres techniques :<\/p>\n<ol>\n<li>La largeur du passage : Nous pr\u00e9conisons de laisser appara\u00eetre quelques centim\u00e8tres de la marche de chaque c\u00f4t\u00e9 pour mettre en valeur le mat\u00e9riau d&rsquo;origine.<\/li>\n<li>La r\u00e9sistance au tassement : Un velours trop haut s&rsquo;\u00e9crase rapidement sur le nez de marche. Nos techniciens vous orientent vers les densit\u00e9s optimales.<\/li>\n<li>Le choix de la tringle : Accessoire de finition par excellence, la tringle \u00e0 escalier apporte une touche classique ou moderne selon sa finition (laiton, acier, noir mat).<\/li>\n<li>L&rsquo;entretien : Nous privil\u00e9gions des fibres trait\u00e9es contre les taches pour faciliter votre nettoyage quotidien.<\/li>\n<li>L&rsquo;harmonie chromatique : Le tapis doit faire le lien entre le rez-de-chauss\u00e9e et l&rsquo;\u00e9tage.<\/li>\n<\/ol>\n<h2>L&rsquo;installation par des experts : la garantie d&rsquo;une finition parfaite<\/h2>\n<p>La pose d&rsquo;un tapis d&rsquo;escalier demande une pr\u00e9cision chirurgicale. Une mauvaise tension ou une d\u00e9coupe approximative ruinent imm\u00e9diatement l&rsquo;effet visuel. Les poseurs d&rsquo;Indisciplines ma\u00eetrisent les techniques de pose les plus complexes : pose tendue sur thibaude ou pose coll\u00e9e. Nous soignons particuli\u00e8rement le \u00ab\u00a0nez de marche\u00a0\u00bb, zone la plus expos\u00e9e, pour assurer une tension constante et une s\u00e9curit\u00e9 totale. Notre \u00e9quipe intervient avec discr\u00e9tion et efficacit\u00e9 pour sublimer votre int\u00e9rieur sans perturber votre organisation.<\/p>\n<h2>Comment entretenir votre tapis pour pr\u00e9server son \u00e9clat ?<\/h2>\n<p>Contrairement aux id\u00e9es re\u00e7ues, une moquette ou un tapis de haute qualit\u00e9 s&rsquo;entretient facilement. Un passage r\u00e9gulier de l&rsquo;aspirateur avec une brosse adapt\u00e9e suffit \u00e0 retirer les poussi\u00e8res en profondeur. Pour les taches accidentelles, nos mat\u00e9riaux r\u00e9agissent tr\u00e8s bien aux nettoyages \u00e0 sec. <a href=\"https:\/\/indisciplines.art\/en\/contact\/\">En confiant votre projet \u00e0 Indisciplines<\/a>, vous recevez un guide d&rsquo;entretien complet pour que votre investissement traverse les d\u00e9cennies sans prendre une ride.<\/p>\n<p><strong><a href=\"https:\/\/indisciplines.art\/en\/realisations\/\">D\u00e9couvrez nos derni\u00e8res r\u00e9alisations<\/a> de tapis sur mesure et laissez-vous inspirer par l&rsquo;univers Indisciplines<\/strong><\/p>\n<p><!-- notionvc: 5ce44815-fbaa-4ab2-b759-dfc038572e48 --><\/p>","protected":false},"excerpt":{"rendered":"<p>L\u2019escalier constitue bien souvent la colonne vert\u00e9brale d\u2019une demeure. Pourtant, les propri\u00e9taires n\u00e9gligent souvent son potentiel d\u00e9coratif. Chez Indisciplines, nous transformons cet \u00e9l\u00e9ment fonctionnel en une v\u00e9ritable \u0153uvre d&rsquo;art sous vos pieds. Le tapis d\u2019escalier, loin d\u2019\u00eatre un simple accessoire du pass\u00e9, revient en force dans les int\u00e9rieurs contemporains les plus raffin\u00e9s. Il allie avec [&hellip;]<\/p>\n","protected":false},"author":1,"featured_media":1827,"comment_status":"closed","ping_status":"open","sticky":false,"template":"","format":"standard","meta":{"_acf_changed":false,"inline_featured_image":false,"footnotes":""},"categories":[1],"tags":[],"class_list":["post-1976","post","type-post","status-publish","format-standard","has-post-thumbnail","hentry","category-seo"],"acf":[],"yoast_head":"<!-- This site is optimized with the Yoast SEO plugin v27.5 - https:\/\/yoast.com\/product\/yoast-seo-wordpress\/ -->\n<title>Tapis d\u2019escalier sur mesure \u00e0 Nesles La Vall\u00e9e - Indisciplines<\/title>\n<meta name=\"description\" content=\"D\u00e9couvrez comment le tapis d&#039;escalier allie esth\u00e9tique et confort dans votre int\u00e9rieur contemporain. Transformez vos marches.\" \/>\n<meta name=\"robots\" content=\"index, follow, max-snippet:-1, max-image-preview:large, max-video-preview:-1\" \/>\n<link rel=\"canonical\" href=\"https:\/\/indisciplines.art\/en\/tapis-descalier-sur-mesure-a-nesles-la-vallee\/\" \/>\n<meta property=\"og:locale\" content=\"en_GB\" \/>\n<meta property=\"og:type\" content=\"article\" \/>\n<meta property=\"og:title\" content=\"Tapis d\u2019escalier sur mesure \u00e0 Nesles La Vall\u00e9e - Indisciplines\" \/>\n<meta property=\"og:description\" content=\"D\u00e9couvrez comment le tapis d&#039;escalier allie esth\u00e9tique et confort dans votre int\u00e9rieur contemporain. Transformez vos marches.\" \/>\n<meta property=\"og:url\" content=\"https:\/\/indisciplines.art\/en\/tapis-descalier-sur-mesure-a-nesles-la-vallee\/\" \/>\n<meta property=\"og:site_name\" content=\"Indisciplines\" \/>\n<meta property=\"article:published_time\" content=\"2026-02-03T08:14:55+00:00\" \/>\n<meta property=\"og:image\" content=\"https:\/\/indisciplines.art\/wp-content\/uploads\/2025\/06\/20250613_110055-scaled.webp\" \/>\n\t<meta property=\"og:image:width\" content=\"1920\" \/>\n\t<meta property=\"og:image:height\" content=\"2560\" \/>\n\t<meta property=\"og:image:type\" content=\"image\/webp\" \/>\n<meta name=\"author\" content=\"admin\" \/>\n<meta name=\"twitter:card\" content=\"summary_large_image\" \/>\n<meta name=\"twitter:label1\" content=\"Written by\" \/>\n\t<meta name=\"twitter:data1\" content=\"admin\" \/>\n\t<meta name=\"twitter:label2\" content=\"Estimated reading time\" \/>\n\t<meta name=\"twitter:data2\" content=\"4 minutes\" \/>\n<script type=\"application\/ld+json\" class=\"yoast-schema-graph\">{\"@context\":\"https:\\\/\\\/schema.org\",\"@graph\":[{\"@type\":\"Article\",\"@id\":\"https:\\\/\\\/indisciplines.art\\\/tapis-descalier-sur-mesure-a-nesles-la-vallee\\\/#article\",\"isPartOf\":{\"@id\":\"https:\\\/\\\/indisciplines.art\\\/tapis-descalier-sur-mesure-a-nesles-la-vallee\\\/\"},\"author\":{\"name\":\"admin\",\"@id\":\"https:\\\/\\\/indisciplines.art\\\/#\\\/schema\\\/person\\\/dd65b7c99b49ca66e62fc71a1a887438\"},\"headline\":\"Tapis d\u2019escalier sur mesure \u00e0 Nesles La Vall\u00e9e\",\"datePublished\":\"2026-02-03T08:14:55+00:00\",\"mainEntityOfPage\":{\"@id\":\"https:\\\/\\\/indisciplines.art\\\/tapis-descalier-sur-mesure-a-nesles-la-vallee\\\/\"},\"wordCount\":843,\"publisher\":{\"@id\":\"https:\\\/\\\/indisciplines.art\\\/#organization\"},\"image\":{\"@id\":\"https:\\\/\\\/indisciplines.art\\\/tapis-descalier-sur-mesure-a-nesles-la-vallee\\\/#primaryimage\"},\"thumbnailUrl\":\"https:\\\/\\\/indisciplines.art\\\/wp-content\\\/uploads\\\/2025\\\/06\\\/20250613_110055-scaled.webp\",\"articleSection\":[\"SEO\"],\"inLanguage\":\"en-GB\"},{\"@type\":\"WebPage\",\"@id\":\"https:\\\/\\\/indisciplines.art\\\/tapis-descalier-sur-mesure-a-nesles-la-vallee\\\/\",\"url\":\"https:\\\/\\\/indisciplines.art\\\/tapis-descalier-sur-mesure-a-nesles-la-vallee\\\/\",\"name\":\"Tapis d\u2019escalier sur mesure \u00e0 Nesles La Vall\u00e9e - Indisciplines\",\"isPartOf\":{\"@id\":\"https:\\\/\\\/indisciplines.art\\\/#website\"},\"primaryImageOfPage\":{\"@id\":\"https:\\\/\\\/indisciplines.art\\\/tapis-descalier-sur-mesure-a-nesles-la-vallee\\\/#primaryimage\"},\"image\":{\"@id\":\"https:\\\/\\\/indisciplines.art\\\/tapis-descalier-sur-mesure-a-nesles-la-vallee\\\/#primaryimage\"},\"thumbnailUrl\":\"https:\\\/\\\/indisciplines.art\\\/wp-content\\\/uploads\\\/2025\\\/06\\\/20250613_110055-scaled.webp\",\"datePublished\":\"2026-02-03T08:14:55+00:00\",\"description\":\"D\u00e9couvrez comment le tapis d'escalier allie esth\u00e9tique et confort dans votre int\u00e9rieur contemporain. Transformez vos marches.\",\"breadcrumb\":{\"@id\":\"https:\\\/\\\/indisciplines.art\\\/tapis-descalier-sur-mesure-a-nesles-la-vallee\\\/#breadcrumb\"},\"inLanguage\":\"en-GB\",\"potentialAction\":[{\"@type\":\"ReadAction\",\"target\":[\"https:\\\/\\\/indisciplines.art\\\/tapis-descalier-sur-mesure-a-nesles-la-vallee\\\/\"]}]},{\"@type\":\"ImageObject\",\"inLanguage\":\"en-GB\",\"@id\":\"https:\\\/\\\/indisciplines.art\\\/tapis-descalier-sur-mesure-a-nesles-la-vallee\\\/#primaryimage\",\"url\":\"https:\\\/\\\/indisciplines.art\\\/wp-content\\\/uploads\\\/2025\\\/06\\\/20250613_110055-scaled.webp\",\"contentUrl\":\"https:\\\/\\\/indisciplines.art\\\/wp-content\\\/uploads\\\/2025\\\/06\\\/20250613_110055-scaled.webp\",\"width\":1920,\"height\":2560},{\"@type\":\"BreadcrumbList\",\"@id\":\"https:\\\/\\\/indisciplines.art\\\/tapis-descalier-sur-mesure-a-nesles-la-vallee\\\/#breadcrumb\",\"itemListElement\":[{\"@type\":\"ListItem\",\"position\":1,\"name\":\"Accueil\",\"item\":\"https:\\\/\\\/indisciplines.art\\\/\"},{\"@type\":\"ListItem\",\"position\":2,\"name\":\"Tapis d\u2019escalier sur mesure \u00e0 Nesles La Vall\u00e9e\"}]},{\"@type\":\"WebSite\",\"@id\":\"https:\\\/\\\/indisciplines.art\\\/#website\",\"url\":\"https:\\\/\\\/indisciplines.art\\\/\",\"name\":\"Indisciplines\",\"description\":\"\",\"publisher\":{\"@id\":\"https:\\\/\\\/indisciplines.art\\\/#organization\"},\"potentialAction\":[{\"@type\":\"SearchAction\",\"target\":{\"@type\":\"EntryPoint\",\"urlTemplate\":\"https:\\\/\\\/indisciplines.art\\\/?s={search_term_string}\"},\"query-input\":{\"@type\":\"PropertyValueSpecification\",\"valueRequired\":true,\"valueName\":\"search_term_string\"}}],\"inLanguage\":\"en-GB\"},{\"@type\":\"Organization\",\"@id\":\"https:\\\/\\\/indisciplines.art\\\/#organization\",\"name\":\"Indisciplines\",\"url\":\"https:\\\/\\\/indisciplines.art\\\/\",\"logo\":{\"@type\":\"ImageObject\",\"inLanguage\":\"en-GB\",\"@id\":\"https:\\\/\\\/indisciplines.art\\\/#\\\/schema\\\/logo\\\/image\\\/\",\"url\":\"https:\\\/\\\/indisciplines.art\\\/wp-content\\\/uploads\\\/2024\\\/10\\\/LOGO-INDISCIPLINES-2024-V2.svg\",\"contentUrl\":\"https:\\\/\\\/indisciplines.art\\\/wp-content\\\/uploads\\\/2024\\\/10\\\/LOGO-INDISCIPLINES-2024-V2.svg\",\"width\":1364,\"height\":289,\"caption\":\"Indisciplines\"},\"image\":{\"@id\":\"https:\\\/\\\/indisciplines.art\\\/#\\\/schema\\\/logo\\\/image\\\/\"}},{\"@type\":\"Person\",\"@id\":\"https:\\\/\\\/indisciplines.art\\\/#\\\/schema\\\/person\\\/dd65b7c99b49ca66e62fc71a1a887438\",\"name\":\"admin\",\"image\":{\"@type\":\"ImageObject\",\"inLanguage\":\"en-GB\",\"@id\":\"https:\\\/\\\/secure.gravatar.com\\\/avatar\\\/da69e738bf17fab4a37fffeb6111125699e034fdcadb00aab1709793a1d6d0e5?s=96&d=mm&r=g\",\"url\":\"https:\\\/\\\/secure.gravatar.com\\\/avatar\\\/da69e738bf17fab4a37fffeb6111125699e034fdcadb00aab1709793a1d6d0e5?s=96&d=mm&r=g\",\"contentUrl\":\"https:\\\/\\\/secure.gravatar.com\\\/avatar\\\/da69e738bf17fab4a37fffeb6111125699e034fdcadb00aab1709793a1d6d0e5?s=96&d=mm&r=g\",\"caption\":\"admin\"},\"sameAs\":[\"https:\\\/\\\/naughty-gates.79-137-88-67.plesk.page\"]}]}<\/script>\n<!-- \/ Yoast SEO plugin. -->","yoast_head_json":{"title":"Tapis d\u2019escalier sur mesure \u00e0 Nesles La Vall\u00e9e - Indisciplines","description":"D\u00e9couvrez comment le tapis d'escalier allie esth\u00e9tique et confort dans votre int\u00e9rieur contemporain. Transformez vos marches.","robots":{"index":"index","follow":"follow","max-snippet":"max-snippet:-1","max-image-preview":"max-image-preview:large","max-video-preview":"max-video-preview:-1"},"canonical":"https:\/\/indisciplines.art\/en\/tapis-descalier-sur-mesure-a-nesles-la-vallee\/","og_locale":"en_GB","og_type":"article","og_title":"Tapis d\u2019escalier sur mesure \u00e0 Nesles La Vall\u00e9e - Indisciplines","og_description":"D\u00e9couvrez comment le tapis d'escalier allie esth\u00e9tique et confort dans votre int\u00e9rieur contemporain. Transformez vos marches.","og_url":"https:\/\/indisciplines.art\/en\/tapis-descalier-sur-mesure-a-nesles-la-vallee\/","og_site_name":"Indisciplines","article_published_time":"2026-02-03T08:14:55+00:00","og_image":[{"width":1920,"height":2560,"url":"https:\/\/indisciplines.art\/wp-content\/uploads\/2025\/06\/20250613_110055-scaled.webp","type":"image\/webp"}],"author":"admin","twitter_card":"summary_large_image","twitter_misc":{"Written by":"admin","Estimated reading time":"4 minutes"},"schema":{"@context":"https:\/\/schema.org","@graph":[{"@type":"Article","@id":"https:\/\/indisciplines.art\/tapis-descalier-sur-mesure-a-nesles-la-vallee\/#article","isPartOf":{"@id":"https:\/\/indisciplines.art\/tapis-descalier-sur-mesure-a-nesles-la-vallee\/"},"author":{"name":"admin","@id":"https:\/\/indisciplines.art\/#\/schema\/person\/dd65b7c99b49ca66e62fc71a1a887438"},"headline":"Tapis d\u2019escalier sur mesure \u00e0 Nesles La Vall\u00e9e","datePublished":"2026-02-03T08:14:55+00:00","mainEntityOfPage":{"@id":"https:\/\/indisciplines.art\/tapis-descalier-sur-mesure-a-nesles-la-vallee\/"},"wordCount":843,"publisher":{"@id":"https:\/\/indisciplines.art\/#organization"},"image":{"@id":"https:\/\/indisciplines.art\/tapis-descalier-sur-mesure-a-nesles-la-vallee\/#primaryimage"},"thumbnailUrl":"https:\/\/indisciplines.art\/wp-content\/uploads\/2025\/06\/20250613_110055-scaled.webp","articleSection":["SEO"],"inLanguage":"en-GB"},{"@type":"WebPage","@id":"https:\/\/indisciplines.art\/tapis-descalier-sur-mesure-a-nesles-la-vallee\/","url":"https:\/\/indisciplines.art\/tapis-descalier-sur-mesure-a-nesles-la-vallee\/","name":"Tapis d\u2019escalier sur mesure \u00e0 Nesles La Vall\u00e9e - Indisciplines","isPartOf":{"@id":"https:\/\/indisciplines.art\/#website"},"primaryImageOfPage":{"@id":"https:\/\/indisciplines.art\/tapis-descalier-sur-mesure-a-nesles-la-vallee\/#primaryimage"},"image":{"@id":"https:\/\/indisciplines.art\/tapis-descalier-sur-mesure-a-nesles-la-vallee\/#primaryimage"},"thumbnailUrl":"https:\/\/indisciplines.art\/wp-content\/uploads\/2025\/06\/20250613_110055-scaled.webp","datePublished":"2026-02-03T08:14:55+00:00","description":"D\u00e9couvrez comment le tapis d'escalier allie esth\u00e9tique et confort dans votre int\u00e9rieur contemporain. Transformez vos marches.","breadcrumb":{"@id":"https:\/\/indisciplines.art\/tapis-descalier-sur-mesure-a-nesles-la-vallee\/#breadcrumb"},"inLanguage":"en-GB","potentialAction":[{"@type":"ReadAction","target":["https:\/\/indisciplines.art\/tapis-descalier-sur-mesure-a-nesles-la-vallee\/"]}]},{"@type":"ImageObject","inLanguage":"en-GB","@id":"https:\/\/indisciplines.art\/tapis-descalier-sur-mesure-a-nesles-la-vallee\/#primaryimage","url":"https:\/\/indisciplines.art\/wp-content\/uploads\/2025\/06\/20250613_110055-scaled.webp","contentUrl":"https:\/\/indisciplines.art\/wp-content\/uploads\/2025\/06\/20250613_110055-scaled.webp","width":1920,"height":2560},{"@type":"BreadcrumbList","@id":"https:\/\/indisciplines.art\/tapis-descalier-sur-mesure-a-nesles-la-vallee\/#breadcrumb","itemListElement":[{"@type":"ListItem","position":1,"name":"Accueil","item":"https:\/\/indisciplines.art\/"},{"@type":"ListItem","position":2,"name":"Tapis d\u2019escalier sur mesure \u00e0 Nesles La Vall\u00e9e"}]},{"@type":"WebSite","@id":"https:\/\/indisciplines.art\/#website","url":"https:\/\/indisciplines.art\/","name":"Indisciplines","description":"","publisher":{"@id":"https:\/\/indisciplines.art\/#organization"},"potentialAction":[{"@type":"SearchAction","target":{"@type":"EntryPoint","urlTemplate":"https:\/\/indisciplines.art\/?s={search_term_string}"},"query-input":{"@type":"PropertyValueSpecification","valueRequired":true,"valueName":"search_term_string"}}],"inLanguage":"en-GB"},{"@type":"Organization","@id":"https:\/\/indisciplines.art\/#organization","name":"Indisciplines","url":"https:\/\/indisciplines.art\/","logo":{"@type":"ImageObject","inLanguage":"en-GB","@id":"https:\/\/indisciplines.art\/#\/schema\/logo\/image\/","url":"https:\/\/indisciplines.art\/wp-content\/uploads\/2024\/10\/LOGO-INDISCIPLINES-2024-V2.svg","contentUrl":"https:\/\/indisciplines.art\/wp-content\/uploads\/2024\/10\/LOGO-INDISCIPLINES-2024-V2.svg","width":1364,"height":289,"caption":"Indisciplines"},"image":{"@id":"https:\/\/indisciplines.art\/#\/schema\/logo\/image\/"}},{"@type":"Person","@id":"https:\/\/indisciplines.art\/#\/schema\/person\/dd65b7c99b49ca66e62fc71a1a887438","name":"admin","image":{"@type":"ImageObject","inLanguage":"en-GB","@id":"https:\/\/secure.gravatar.com\/avatar\/da69e738bf17fab4a37fffeb6111125699e034fdcadb00aab1709793a1d6d0e5?s=96&d=mm&r=g","url":"https:\/\/secure.gravatar.com\/avatar\/da69e738bf17fab4a37fffeb6111125699e034fdcadb00aab1709793a1d6d0e5?s=96&d=mm&r=g","contentUrl":"https:\/\/secure.gravatar.com\/avatar\/da69e738bf17fab4a37fffeb6111125699e034fdcadb00aab1709793a1d6d0e5?s=96&d=mm&r=g","caption":"admin"},"sameAs":["https:\/\/naughty-gates.79-137-88-67.plesk.page"]}]}},"_links":{"self":[{"href":"https:\/\/indisciplines.art\/en\/wp-json\/wp\/v2\/posts\/1976","targetHints":{"allow":["GET"]}}],"collection":[{"href":"https:\/\/indisciplines.art\/en\/wp-json\/wp\/v2\/posts"}],"about":[{"href":"https:\/\/indisciplines.art\/en\/wp-json\/wp\/v2\/types\/post"}],"author":[{"embeddable":true,"href":"https:\/\/indisciplines.art\/en\/wp-json\/wp\/v2\/users\/1"}],"replies":[{"embeddable":true,"href":"https:\/\/indisciplines.art\/en\/wp-json\/wp\/v2\/comments?post=1976"}],"version-history":[{"count":1,"href":"https:\/\/indisciplines.art\/en\/wp-json\/wp\/v2\/posts\/1976\/revisions"}],"predecessor-version":[{"id":1977,"href":"https:\/\/indisciplines.art\/en\/wp-json\/wp\/v2\/posts\/1976\/revisions\/1977"}],"wp:featuredmedia":[{"embeddable":true,"href":"https:\/\/indisciplines.art\/en\/wp-json\/wp\/v2\/media\/1827"}],"wp:attachment":[{"href":"https:\/\/indisciplines.art\/en\/wp-json\/wp\/v2\/media?parent=1976"}],"wp:term":[{"taxonomy":"category","embeddable":true,"href":"https:\/\/indisciplines.art\/en\/wp-json\/wp\/v2\/categories?post=1976"},{"taxonomy":"post_tag","embeddable":true,"href":"https:\/\/indisciplines.art\/en\/wp-json\/wp\/v2\/tags?post=1976"}],"curies":[{"name":"wp","href":"https:\/\/api.w.org\/{rel}","templated":true}]}}